{"id":530,"date":"2022-06-08T05:53:23","date_gmt":"2022-06-08T05:53:23","guid":{"rendered":"https:\/\/messzehangzo.hu\/new\/?p=530"},"modified":"2022-07-23T15:26:24","modified_gmt":"2022-07-23T15:26:24","slug":"beszamolo-a-tegyuk-fel-jotekonysagi-guinness-rekord-kiserletrol-es-a-meses-epiteszet-cimu-rendhagyo-gyermekfoglalkozasokrol-2","status":"publish","type":"post","link":"https:\/\/messzehangzo.hu\/new\/index.php\/2022\/06\/08\/beszamolo-a-tegyuk-fel-jotekonysagi-guinness-rekord-kiserletrol-es-a-meses-epiteszet-cimu-rendhagyo-gyermekfoglalkozasokrol-2\/","title":{"rendered":"Besz\u00e1mol\u00f3 a \u201eTegy\u00fck FEL!\u201d j\u00f3t\u00e9konys\u00e1gi Guinness-rekord-k\u00eds\u00e9rletr\u0151l \u00e9s a \u201eMes\u00e9s \u00e9p\u00edt\u00e9szet\u201d c\u00edm\u0171 rendhagy\u00f3 gyermekfoglalkoz\u00e1sokr\u00f3l"},"content":{"rendered":"<p><b>A Sz\u00e9chenyi L\u00e1nch\u00edd l\u00e9trehoz\u00e1s\u00e1r\u00f3l sz\u00f3l\u00f3 d\u00f6nt\u00e9s 180. \u00e9vfordul\u00f3ja \u00e9s a prec\u00edzi\u00f3s m\u00e9rn\u00f6ki munka el\u0151tt tisztelegve a Messzehangz\u00f3 Tehets\u00e9gek Alap\u00edtv\u00e1ny Orsz\u00e1gj\u00e1r\u00f3 Term\u00e9szettudom\u00e1nyok tehets\u00e9ggondoz\u00f3 programj\u00e1ban egy j\u00f3t\u00e9konys\u00e1gi akci\u00f3 keret\u00e9ben tehets\u00e9ges, fiatal \u00e9p\u00edt\u00e9szek \u00e1ltal megtervezett, t\u00f6bb, mint 12 m\u00e9ter magas fa \u00e9p\u00edt\u0151j\u00e1t\u00e9k tornyot \u00e9p\u00edtett fel, melynek led\u00f6nt\u00e9s\u00e9re m\u00e1jus 28-\u00e1n ker\u00fclt sor. Az eg\u00e9sz hetes j\u00f3t\u00e9konys\u00e1gi programot 4-5-6.oszt\u00e1lyosok sz\u00e1m\u00e1ra szervezett \u201cMes\u00e9s \u00e9p\u00edt\u00e9szet\u201d c\u00edm\u0171 rendhagy\u00f3 ismeretterjeszt\u0151 \u00f3r\u00e1k eg\u00e9sz\u00edtett\u00e9k ki.<\/b><\/p>\n<p><b>Id\u0151pont:<\/b>\u00a02016. m\u00e1jus 23-28.<\/p>\n<p><b>Helysz\u00edn:<\/b>\u00a0Mammut Bev\u00e1s\u00e1rl\u00f3- \u00e9s Sz\u00f3rakoztat\u00f3 K\u00f6zpont (Budapest, L\u00f6v\u0151h\u00e1z u. 2, 1024)<\/p>\n<p><b>A program c\u00e9lja:\u00a0<\/b>Min\u00e9l sz\u00e9lesebb k\u00f6rben megismertetni az alkot\u00e1s \u00f6r\u00f6m\u00e9t; ahogy az egyszeri, nagyrat\u00f6r\u0151, \u00e1lomszer\u0171 \u00f6tlet \u2013 sokak k\u00e9tked\u00e9se ellen\u00e9re \u2013 a tervez\u0151asztalon form\u00e1t \u00f6ltve m\u00e9gis megval\u00f3sul. Hogy a \u201elehetetlen\u201d az elhivatotts\u00e1g, a kreativit\u00e1s \u00e9s szak\u00e9rtelem megfelel\u0151 kombin\u00e1ci\u00f3j\u00e1val legy\u0151zhet\u0151. A j\u00f3t\u00e9konys\u00e1gi akci\u00f3 k\u00f6zvetlen c\u00e9lja az \u00e9lm\u00e9nypedag\u00f3giai oktat\u00e1si m\u00f3dszerek \u00e9s a h\u00e1tr\u00e1nyos helyzet\u0171, saj\u00e1tos nevel\u00e9s\u0171 di\u00e1kok fejleszt\u00e9s\u00e9nek t\u00e1mogat\u00e1sa. Az Alap\u00edtv\u00e1ny k\u00f6zvetett c\u00e9lja, hogy hasonl\u00f3 kezdem\u00e9nyez\u00e9sei r\u00e9v\u00e9n, ingyenes tehets\u00e9ggondoz\u00f3 programjaival, ny\u00e1ri t\u00e1boraival \u00e9s \u00f6szt\u00f6nd\u00edjprogramj\u00e1val min\u00e9l t\u00f6bb r\u00e1szorul\u00f3 gyermeket \u00e9rjen el.<\/p>\n<p>A rekordk\u00eds\u00e9rlet sor\u00e1n haszn\u00e1lt, adom\u00e1nyokb\u00f3l v\u00e1s\u00e1rolt 100 doboznyi, 20 000 darab KAPLA \u00e9p\u00edt\u0151elemet a Messzehangz\u00f3 Tehets\u00e9gek Alap\u00edtv\u00e1ny 40 h\u00e1tr\u00e1nyos helyzet\u0171 telep\u00fcl\u00e9sen l\u00e9v\u0151, illetve saj\u00e1tos nevel\u00e9s\u0171 ig\u00e9ny\u0171 (SNI) gyerekeket oktat\u00f3 iskola k\u00f6z\u00f6tt osztja sz\u00e9t.<\/p>\n<p><strong>Az el\u0151k\u00e9sz\u00fcletek \u2013 Tervez\u00e9st\u0151l a pr\u00f3ba\u00e9p\u00edt\u00e9sig<\/strong><\/p>\n<p>A komoly c\u00e9lb\u00f3l gyermekj\u00e1t\u00e9kb\u00f3l \u00e9p\u00fcl\u0151 torony megtervez\u00e9s\u00e9t, az Alap\u00edtv\u00e1ny felk\u00e9r\u00e9s\u00e9re, a Minusplus Gener\u00e1ltervez\u0151 Kft. \u2013 haboz\u00e1s \u00e9s ellent\u00e9telez\u00e9s n\u00e9lk\u00fcl \u2013 v\u00e1llalta el. A kezdeti lelkes k\u00eds\u00e9rletez\u00e9st prec\u00edz tervez\u0151munka k\u00f6vette, a fel\u00e9p\u00fcl\u0151 Messzehangz\u00f3 Torony terveit, az iroda tehets\u00e9ges \u00fajonca Csiha Andr\u00e1s k\u00e9sz\u00edtette el.\u00a0<a href=\"https:\/\/www.facebook.com\/events\/1898440667049063\/permalink\/1916114688614994\/\" target=\"_blank\" rel=\"noopener\">Tov\u00e1bb a tervez\u0151vel k\u00e9sz\u00fclt interj\u00fara\u2026<\/a><\/p>\n<p>Az ELTE l\u00e1gym\u00e1nyosi campus\u00e1n m\u00e1jus 13-\u00e1n tartott pr\u00f3ba\u00e9p\u00edt\u00e9sen a toronyb\u00f3l k\u00f6zel 4 m\u00e9ter fel is \u00e9p\u00fclt. Az \u00e9p\u00edt\u00e9s tanuls\u00e1gait levonva a terv is r\u00e9szben m\u00f3dosult; a h\u00e1rom k\u00fcrt\u0151 m\u00e9terenk\u00e9nt val\u00f3 \u00f6sszecsatol\u00e1sa mellett d\u00f6nt\u00f6tt a tervez\u0151. Ek\u00f6zben a rekord-k\u00eds\u00e9rlet \u00f6tletgazd\u00e1ja Rybaltovszki P\u00e9ter (az Alap\u00edtv\u00e1ny kur\u00e1tora) \u2013 egy egyszer\u0171bb \u00e9p\u00edt\u00e9si technik\u00e1t alkalmazva \u2013 egy m\u00e1sik, majdnem 10 m\u00e9teres toronnyal is \u201ckieg\u00e9sz\u00edtette\u201d a Foucault-ing\u00e1nak otthont ad\u00f3 l\u00e9pcs\u0151h\u00e1zat. R\u00e1\u00e9rezt\u00fcnk a KAPLA \u00edz\u00e9re\u2026<\/p>\n<p><img loading=\"lazy\" decoding=\"async\" class=\"alignnone size-full wp-image-533\" src=\"https:\/\/messzehangzo.hu\/new\/wp-content\/uploads\/2022\/06\/tegyukfel02.jpg\" alt=\"\" width=\"960\" height=\"356\" srcset=\"https:\/\/messzehangzo.hu\/new\/wp-content\/uploads\/2022\/06\/tegyukfel02.jpg 960w, https:\/\/messzehangzo.hu\/new\/wp-content\/uploads\/2022\/06\/tegyukfel02-300x111.jpg 300w, https:\/\/messzehangzo.hu\/new\/wp-content\/uploads\/2022\/06\/tegyukfel02-768x285.jpg 768w\" sizes=\"auto, (max-width: 960px) 100vw, 960px\" \/><\/p>\n<p>Fot\u00f3k a tervez\u00e9sr\u0151l, \u00e9p\u00edt\u00e9sr\u0151l, toronyd\u00f6nt\u00e9sr\u0151l\u00a0<a href=\"https:\/\/drive.google.com\/drive\/folders\/1Fle0BOLaIcRmx5J7YBMzna4hHFNOPdGW?usp=sharing\" target=\"_blank\" rel=\"noopener\">itt<\/a>\u00a0\u00e9s\u00a0\u00a0<a href=\"https:\/\/www.facebook.com\/pg\/messzehangzo\/photos\/?tab=album&amp;album_id=1029511160471405&amp;__xts__%5B0%5D=68.ARBGhMv7FWLmQx-HXp2BlQ4-ndJu9lpVfv4_aNQq6TTfwzlNxmvlU_jygOMBM3vMU_HcVlc3rofvxkD2wuw5zZ7Bxs0AK6u_TPydbJJVCYWViE_1EMTOTq609x9-SHfAbMdj9M5TRHfTSxP8f-V6oKsSgOz3G19wNZxQX3zsQODs7-OGjtHIEGI6k9oHWKAYzAwSdZx90DoWB0wn4S52CSan1Ap8dr9Fc9sD&amp;__tn__=-UCH-R\" target=\"_blank\" rel=\"noopener\">itt tal\u00e1lhat\u00f3ak<\/a>.<\/p>\n<p><iframe loading=\"lazy\" title=\"Tegy\u00fck FEL! - J\u00f3t\u00e9konys\u00e1gi Guinness-rekord-k\u00eds\u00e9rlet 2016 - A toronyd\u00f6nt\u00e9s pillanatai\" width=\"900\" height=\"506\" src=\"https:\/\/www.youtube.com\/embed\/vhPD59FBV7k?start=2&#038;feature=oembed\" frameborder=\"0\" allow=\"accelerometer; autoplay; clipboard-write; encrypted-media; gyroscope; picture-in-picture\" allowfullscreen><\/iframe><\/p>\n<p><strong>Az \u00e9p\u00edt\u00e9s els\u0151 szakasza<\/strong><\/p>\n<p>Az \u00e9les \u00e9p\u00edt\u00e9s els\u0151 \u00fctem\u00e9re a Mammut Bev\u00e1s\u00e1rl\u00f3k\u00f6zpontban \u2013 a fel\u00e1ll\u00edtott dobog\u00f3 \u00e9s a t\u00e1mogat\u00f3k molin\u00f3inak kif\u00fcggeszt\u00e9s\u00e9t k\u00f6vet\u0151en \u2013 m\u00e1jus 22-\u00e9n \u00e9jszaka, h\u00e9tf\u0151re virrad\u00f3ra ker\u00fclt sor.<\/p>\n<p>A 21.00-t\u00f3l kezd\u0151d\u0151 \u00e9p\u00edt\u00e9st siker koron\u00e1zta, az alap prec\u00edz kijel\u00f6l\u00e9s\u00e9t k\u00f6vet\u0151en, az els\u0151 m\u00e9terek ut\u00e1n bevet\u00e9sre ker\u00fclt a k\u00f6zel k\u00e9t tonn\u00e1s kosaras emel\u0151daru is. Az \u00e9p\u00edt\u0151k hajnalra 5,75 m\u00e9tert \u00e9p\u00edtettek meg a toronyb\u00f3l, melynek a k\u00f6vetkez\u0151 p\u00e1r napban a v\u00e1s\u00e1rl\u00f3k\u00f6z\u00f6ns\u00e9g csod\u00e1j\u00e1ra is j\u00e1rt. A sz\u00ednpadon fel\u00e1ll\u00edtott apr\u00f3 \u00e9p\u00edtm\u00e9ny \u00e9s a kihelyezett LCD TV-n vet\u00edtett r\u00f6vidfilmek, valamint a 3. emeleti \u00fcvegfolyos\u00f3n ki\u00e1ll\u00edtott rekorder-\u00e9p\u00edtm\u00e9nyekr\u0151l sz\u00f3l\u00f3 ki\u00e1ll\u00edt\u00e1s eg\u00e9sz h\u00e9ten jelezt\u00e9k, hogy valami k\u00e9sz\u00fcl\u0151ben van\u2026<\/p>\n<p><strong>\u201cMes\u00e9s \u00e9p\u00edt\u00e9szet\u201d rendhagy\u00f3 gyermekfoglalkoz\u00e1sok az \u00e9p\u00edt\u00e9s m\u0171v\u00e9szet\u00e9r\u0151l \u00e9s tudom\u00e1ny\u00e1r\u00f3l<\/strong><\/p>\n<p>A \u00a0h\u00e9t sor\u00e1n h\u00e1romszor ker\u00fclt sor a 4-5-6. oszt\u00e1lyosok sz\u00e1m\u00e1ra rendezett \u201eMes\u00e9s \u00e9p\u00edt\u00e9szet\u201d c\u00edm\u0171 rendhagy\u00f3 tan\u00f3r\u00e1kra. A H\u00fasznegyven Buda\u00f6rsi Fiatal \u00c9p\u00edt\u00e9szek M\u0171helye Egyes\u00fclet tematikus el\u0151ad\u00e1sai \u00e9s az azokat k\u00f6vet\u0151 \u201cmesszeahangz\u00f3 kih\u00edv\u00e1sok\u201d r\u00e9v\u00e9n a di\u00e1kok megismerhett\u00e9k \u00e9s megtapasztalt\u00e1k, hogy az \u00e9p\u00edt\u00e9szet t\u00f6bb, mint technikai ismeretek \u00e9s m\u0171szaki sz\u00e1mok halmaza, hogy eszt\u00e9tikai \u00e9rt\u00e9k \u00e9s az id\u0151t\u00e1ll\u00f3 funkcionalit\u00e1s azonos jelent\u0151s\u00e9g\u0171 az \u00e9p\u00edt\u00e9s m\u0171v\u00e9szet\u00e9ben. \u00c9p\u00edtett\u00fcnk, m\u00e9rt\u00fcnk, romboltunk: k\u00e9sz\u00fclt sz\u00e1mtalan KAPLA-totem, s\u0151t m\u00e9zeskal\u00e1csh\u00e1z, strucc \u00e9s mamut is\u2026<\/p>\n<p>A foglalkoz\u00e1sok v\u00e9g\u00e9n minden r\u00e9sztvev\u0151 szign\u00e1lt egy-egy KAPLA elemet.<\/p>\n<p><strong>R\u00e9sztvev\u0151k:<\/strong><\/p>\n<ol start=\"2016\">\n<li>m\u00e1jus 24. (kedd) \u2013 80 f\u0151:<\/li>\n<\/ol>\n<p>ELTE Gyakorl\u00f3 \u00c1ltal\u00e1nos Iskola 4. oszt\u00e1lyosai<\/p>\n<ol start=\"2016\">\n<li>m\u00e1jus 25. (szerda) \u2013 40 f\u0151:<\/li>\n<\/ol>\n<p>Szent Gell\u00e9rt Katolikus \u00c1ltal\u00e1nos Iskola \u00e9s Gimn\u00e1zium 5.oszt\u00e1lya;\u00a0Mozg\u00e1sjav\u00edt\u00f3 \u00c1ltal\u00e1nos Iskola, Szakk\u00f6z\u00e9piskola \u00e9s Di\u00e1kotthon 7. oszt\u00e1lyosai<\/p>\n<ol start=\"2016\">\n<li>m\u00e1jus 26. (cs\u00fct\u00f6rt\u00f6k) \u2013 40 f\u0151:<\/li>\n<\/ol>\n<p>Szent Gell\u00e9rt Katolikus \u00c1ltal\u00e1nos Iskola \u00e9s Gimn\u00e1zium 6. oszt\u00e1lyosai;\u00a0Mozg\u00e1ss\u00e9r\u00fcltek Pet\u0151 Andr\u00e1s Nevel\u0151k\u00e9pz\u0151 \u00e9s Nevel\u0151int\u00e9zet\u00e9nek di\u00e1kjai \u00e9s k\u00eds\u00e9r\u0151ik<\/p>\n<p><strong>A torony\u00e9p\u00edt\u00e9s m\u00e1sodik \u00e9jszak\u00e1ja<\/strong><\/p>\n<p>A torony\u00e9p\u00edt\u00e9s m\u00e1sodik szakasz\u00e1ra m\u00e1jus 27-\u00e9n \u00e9jszaka ker\u00fclt sor. Az j\u00f3r\u00e9szt \u00e9p\u00edt\u00e9szhallgat\u00f3kb\u00f3l \u00e9s az Alap\u00edtv\u00e1ny \u00f6nk\u00e9nteseib\u0151l \u00e1ll\u00f3 csapatra nagy feladat (tov\u00e1bbi legal\u00e1bb 6 m\u00e9ter) v\u00e1rt.<\/p>\n<p>Alig k\u00e9t nappal kor\u00e1bban kaptuk a h\u00edrt, miszerint a franciaorsz\u00e1gi Lyonban m\u00e1jus 14-\u00e9n 18,4 m\u00e9teres tornyot \u00e9p\u00edtve \u00faj rekordot \u00e1ll\u00edtottak be. 48 \u00f3r\u00e1s \u00fajratervez\u00e9si peri\u00f3dust \u00e9s a bev\u00e1s\u00e1rl\u00f3k\u00f6zpont m\u0171szaki st\u00e1bj\u00e1val val\u00f3 egyeztet\u00e9st k\u00f6vet\u0151en azonban (figyelembe v\u00e9ve a belt\u00e9ren haszn\u00e1lhat\u00f3 kosaras emel\u0151k, a f\u00f6d\u00e9m terhelhet\u0151s\u00e9g\u00e9nek korl\u00e1tait, a sz\u0171k id\u0151keretet, valamint az \u00e9p\u00edt\u0151k \u00e9s a v\u00e1s\u00e1rl\u00f3k\u00f6z\u00f6ns\u00e9g biztons\u00e1g\u00e1nak els\u0151bbs\u00e9g\u00e9t) v\u00e9g\u00fcl az eredeti terv szerint a 10 m\u00e9teres magass\u00e1g el\u00e9r\u00e9s\u00e9t tartott\u00e1k meg c\u00e9lk\u00e9nt.<\/p>\n<p>Eg\u00e9sz \u00e9jszaka v\u00e1lt\u00e1sban, lankadatlan lelkesed\u00e9ssel \u00e9p\u00fcltek a hatsz\u00f6g alap\u00fa szintek, melyek 9 m\u00e9teres magass\u00e1gt\u00f3l folyamatosan sz\u0171k\u00fcltek. A gyerekek \u00e1ltal al\u00e1\u00edrt KAPLA elemeket az utols\u00f3 m\u00e9terekre Rybaltovszki P\u00e9ter \u00e9p\u00edtette be. Odakint m\u00e1r vil\u00e1gosodott. 5:27-et mutatott az \u00f3ra.<\/p>\n<p><a href=\"https:\/\/www.facebook.com\/events\/1898440667049063\/permalink\/1920449334848196\/\" target=\"_blank\" rel=\"noopener\">Megn\u00e9zem a torony \u00e9p\u00edt\u00e9s\u00e9nek m\u00e1sodik szakasz\u00e1r\u00f3l k\u00e9sz\u00fclt k\u00e9peket\u2026<\/a><\/p>\n<p><strong>A Messzahangz\u00f3 Torony led\u00f6nt\u00e9se<\/strong><\/p>\n<p>A 12,25 m\u00e9teres, t\u00f6bb, mint 4000 darabb\u00f3l (ragaszt\u00f3, sz\u00f6g, csavar \u00e9s mindenf\u00e9le r\u00f6gz\u00edt\u0151elem n\u00e9lk\u00fcl) \u00e1ll\u00f3 Messzehangz\u00f3 Torony led\u00f6nt\u00e9s\u00e9re m\u00e1jus 28-\u00e1n d\u00e9lut\u00e1n ker\u00fclt sor. Az esem\u00e9nyre a Mammut teljes v\u00e1s\u00e1rl\u00f3k\u00f6z\u00f6ns\u00e9ge k\u00edv\u00e1ncsi volt, sok a h\u00e9tk\u00f6zi foglalkoz\u00e1sokr\u00f3l ismer\u0151s arc is felbukkant. A tornyot\u00a0Kov\u00e1cs Tam\u00e1s \u201cS\u00fcti\u201d (a magyar j\u00e9gkorong v\u00e1logatott tagja) j\u00f3l ir\u00e1nyzott l\u00f6v\u00e9sei d\u00f6nt\u00f6tt\u00e9k romba.<\/p>\n<p>A 10 m\u00e9teres magass\u00e1gban be\u00e9p\u00edtett, dobog\u00f3r\u00f3l lepattan\u00f3, a h\u00e9tk\u00f6zi foglalkoz\u00e1son r\u00e9sztvev\u0151 gyerekek \u00e1ltal szign\u00e1lt k\u00f6zel 200 KAPLA elem k\u00f6z\u00fcl volt, amely pont a d\u00f6nt\u00e9sre vissza\u00e9rkez\u0151 \u201cgazd\u00e1ja\u201d l\u00e1ba el\u00e9 hullott\u2026<\/p>\n<p>Lass\u00edtott felv\u00e9tel a Messzehangz\u00f3 Torony led\u00f6nt\u00e9s\u00e9r\u0151l<\/p>\n<p>A felv\u00e9telen j\u00f3l l\u00e1tszik, hogy az \u00e9p\u00edtm\u00e9ny az els\u0151 tal\u00e1lat ut\u00e1n \u201cfogh\u00edjasan\u201d is \u00e1llt \u00e9s csak a dobog\u00f3 fel\u00e9 es\u0151 \u201ck\u00fcrt\u0151\u201d \u00f6sszeoml\u00e1sa ut\u00e1n vesztette el a stabilit\u00e1s\u00e1t. Az \u00e9p\u00edtm\u00e9ny el\u0151sz\u00f6r kiss\u00e9 meginogva d\u0151lni kezdett, majd az arra kijel\u00f6lt \u201cmedenc\u00e9be\u201d roskadt.<\/p>\n<p><strong>Kommunik\u00e1ci\u00f3:<\/strong><\/p>\n<p>A j\u00f3t\u00e9konys\u00e1gi program el\u0151zetes kommunik\u00e1ci\u00f3ja honlapunkon\u00a0\u00e9s k\u00f6z\u00f6ss\u00e9gi m\u00e9diafel\u00fcleteinken folyt. A program aktualit\u00e1sair\u00f3l a\u00a0<a href=\"https:\/\/www.facebook.com\/events\/1898440667049063\/\" target=\"_blank\" rel=\"noopener\">\u201eTegy\u00fck FEL!\u201d Facebook esem\u00e9nyen<\/a>\u00a0kereszt\u00fcl tud\u00f3s\u00edtottunk.<\/p>\n<p><strong>M\u00e9diamegjelen\u00e9seink:<\/strong><\/p>\n<ul>\n<li>A Magyar T\u00e1virati Iroda \u00e1ltal kiadott sajt\u00f3k\u00f6zlem\u00e9ny\u00a0<a href=\"http:\/\/os.mti.hu\/hirek\/117394\/a_messzehangzo_tehetsegek_alapitvany_kozlemenye\" target=\"_blank\" rel=\"noopener\">http:\/\/os.mti.hu\/hirek\/117394\/a_messzehangzo_tehetsegek_alapitvany_kozlemenye<\/a><\/li>\n<li>RTL Klub H\u00edrad\u00f3, esti kiad\u00e1s (2016. m\u00e1jus 28.) \u2013 A toronyr\u00f3l sz\u00f3l\u00f3 r\u00e9sz 19:41-t\u0151l tekinthet\u0151 meg:\u00a0<a href=\"http:\/\/rtl.hu\/most\/hirek\/rtl-hirado-esti-kiadas-2016-05-28\" target=\"_blank\" rel=\"noopener\">http:\/\/rtl.hu\/most\/hirek\/rtl-hirado-esti-kiadas-2016-05-28<\/a><\/li>\n<li>Magyar Telev\u00edzi\u00f3 \u2013 Iskolapad c\u00edm\u0171 magazinm\u0171sora (2015.06.01.) \u2013 A toronyr\u00f3l sz\u00f3l\u00f3 r\u00e9sz 15.55-t\u0151l tekinthet\u0151 meg:\u00a0<a href=\"http:\/\/www.mediaklikk.hu\/video\/iskolapad-2016-06-01-i-adas-2\/\" target=\"_blank\" rel=\"noopener\">http:\/\/www.mediaklikk.hu\/video\/iskolapad-2016-06-01-i-adas-2\/<\/a><\/li>\n<li>Index.hu h\u00edroldal \u201eMindek\u00f6zben\u201d rovat:\u00a0<a href=\"http:\/\/index.hu\/mindekozben\/poszt\/2016\/05\/26\/a_vilag_legnagyaobb_fakockatornya_keszul_epp_budan\/\" target=\"_blank\" rel=\"noopener\">http:\/\/index.hu\/mindekozben\/poszt\/2016\/05\/26\/a_vilag_legnagyaobb_fakockatornya_keszul_epp_budan\/<\/a><\/li>\n<li>Tervlap.hu \u00e9p\u00edt\u00e9szeti port\u00e1l:\u00a0<a href=\"http:\/\/tervlap.hu\/cikk\/show\/id\/4491\">http:\/\/tervlap.hu\/cikk\/show\/id\/4491<\/a><\/li>\n<li>\u00c9p\u00edt\u00e9szf\u00f3rum.hu \u2013 \u00c9p\u00edt\u00e9szeti szakport\u00e1l:\u00a0<a href=\"http:\/\/epiteszforum.hu\/epiteszet-gyerekjatek1\" target=\"_blank\" rel=\"noopener\">http:\/\/epiteszforum.hu\/epiteszet-gyerekjatek1<\/a><\/li>\n<li>Lechnerk\u00f6zpont.hu \u2013 Lechner Tud\u00e1sk\u00f6zpont honlapja:\u00a0<a href=\"http:\/\/lechnerkozpont.hu\/cikk\/epiteszet-gyerekjatek\" target=\"_blank\" rel=\"noopener\">http:\/\/lechnerkozpont.hu\/cikk\/epiteszet-gyerekjatek<\/a><\/li>\n<li>2.ker\u00fclet.ittlakunk.hu \u2013 A II. ker\u00fcleti \u00f6nkorm\u00e1nyat kultur\u00e1lis honlapja:\u00a0<a href=\"http:\/\/2.kerulet.ittlakunk.hu\/kultura-szabadido\/160527\/holnap-dontik-le-messzehangzo-tornyot\" target=\"_blank\" rel=\"noopener\">http:\/\/2.kerulet.ittlakunk.hu\/kultura-szabadido\/160527\/holnap-dontik-le-messzehangzo-tornyo<\/a><\/li>\n<\/ul>\n<p><strong>T\u00e1mogat\u00f3k \u00e9s partnerek<\/strong><\/p>\n<p>A j\u00f3t\u00e9konys\u00e1gi program a Messzehangz\u00f3 Tehets\u00e9gek Alap\u00edtv\u00e1ny szervez\u00e9s\u00e9ben val\u00f3sult meg.<\/p>\n<p>Szeretn\u00e9nk k\u00f6sz\u00f6netet mondani minden t\u00e1mogat\u00f3nknak \u00e9s az esem\u00e9ny l\u00e9trej\u00f6tt\u00e9hez hozz\u00e1j\u00e1rul\u00f3 mag\u00e1nszem\u00e9lynek, c\u00e9gnek \u00e9s partnerszervezetnek!<\/p>\n<p><strong>F\u0151t\u00e1mogat\u00f3<\/strong><\/p>\n<p>\u2013 E.ON Hung\u00e1ria Zrt.\u00a0T\u00e1mogat\u00e1suk meghat\u00e1roz\u00f3 szerepet j\u00e1tszott a j\u00f3t\u00e9konys\u00e1gi akci\u00f3 megval\u00f3sul\u00e1s\u00e1ban. (<a href=\"https:\/\/www.eon-hungaria.com\/\" target=\"_blank\" rel=\"noopener\">https:\/\/www.eon-hungaria.com\/<\/a>)<\/p>\n<p><strong>Kiemelt t\u00e1mogat\u00f3k:<\/strong><\/p>\n<p>\u2013\u00a0Concorde Alapkezel\u0151 Zrt.\u00a0a torony\u00e9p\u00edt\u00e9shez \u00e9s a gyermekprogramhoz \u00a0sz\u00fcks\u00e9ges infrastruktur\u00e1lis h\u00e1tt\u00e9r finansz\u00edroz\u00e1s\u00e1t seg\u00edtette.\u00a0(<a href=\"http:\/\/concordealapkezelo.hu\/\" target=\"_blank\" rel=\"noopener\">http:\/\/concordealapkezelo.hu\/<\/a>)<\/p>\n<p>\u2013\u00a0Blochamps Capital Kft.\u00a0a KAPLA elemek beszerz\u00e9s\u00e9hez ny\u00fajtott anyagi t\u00e1mogat\u00e1ssal j\u00e1rult hozz\u00e1 az programhoz\u00a0(<a href=\"http:\/\/blochamps.hu\/\" target=\"_blank\" rel=\"noopener\">http:\/\/blochamps.hu\/<\/a>)<\/p>\n<p>\u2013\u00a0SI\u00d3-Eckes Kft.\u00a0term\u00e9kt\u00e1mogat\u00e1s form\u00e1j\u00e1ban, a d\u00e9lel\u0151tti foglalkoz\u00e1sokon t\u00edz\u00f3raik\u00e9nt fogyasztott \u00fcd\u00edt\u0151kkel j\u00e1rult hozz\u00e1 a programhoz.\u00a0(<a href=\"https:\/\/siogyumolcs.hu\/\" target=\"_blank\" rel=\"noopener\">https:\/\/siogyumolcs.hu<\/a>\/)<\/p>\n<p>\u2013\u00a0Minisztereln\u00f6ks\u00e9g \u00c9p\u00edt\u00e9szeti \u00e9s \u00c9p\u00edt\u00e9s\u00fcgyi Helyettes \u00c1llamtitk\u00e1rs\u00e1ga\u00a0a projekt finansz\u00edroz\u00e1s\u00e1hoz j\u00e1rult hozz\u00e1\u00a0(<a href=\"http:\/\/www.kormany.hu\/hu\/miniszterelnokseg\/strategiai-ugyekert-felelos-allamtitkar\" target=\"_blank\" rel=\"noopener\">http:\/\/www.kormany.hu\/hu\/miniszterelnokseg\/strategiai-ugyekert-felelos-allamtitkar<\/a>)<\/p>\n<p>\u2013\u00a0Mammut Bev\u00e1s\u00e1rl\u00f3- \u00e9s Sz\u00f3rakoztat\u00f3 K\u00f6zpont\u00a0vend\u00e9g\u00fcl l\u00e1tta a d\u00e9lel\u0151tti gyermekprogramokat, helysz\u00ednt adott a torony\u00e9p\u00edt\u00e9snek, valamint anyagi hozz\u00e1j\u00e1rul\u00e1sukkal \u00e9s fel\u00fcleteikkel seg\u00edtett\u00e9k az esem\u00e9ny kommunik\u00e1ci\u00f3j\u00e1t\u00a0(<a href=\"http:\/\/www.mammut.hu\/\" target=\"_blank\" rel=\"noopener\">http:\/\/www.mammut.hu\/<\/a>)<\/p>\n<p>\u2013\u00a0KAPLA France SARL\u00a0el\u0151seg\u00edtette az \u00e9p\u00edt\u0151elemek kedvezm\u00e9nyes \u00e1r\u00fa beszerz\u00e9s\u00e9t.\u00a0(<a href=\"http:\/\/www.kapla.com\/vitrine\/\" target=\"_blank\" rel=\"noopener\">http:\/\/www.kapla.com\/vitrine\/<\/a>)<\/p>\n<p><strong>Szakmai partnerek:<\/strong><\/p>\n<p>\u2013 A megval\u00f3sul\u00f3 torony \u00e9p\u00edt\u00e9szeti tervez\u00e9s\u00e9t a\u00a0MINUSPLUS \u2013 Custom Made Architecture\u00a0v\u00e9gezte\u00a0(<a href=\"http:\/\/www.minusplus.hu\/\" target=\"_blank\" rel=\"noopener\">http:\/\/www.minusplus.hu\/<\/a>)<\/p>\n<p>\u2013 A\u00a0Makita Kft.\u00a0prec\u00edzi\u00f3s m\u0171szerekkel seg\u00edtette a torony\u00e9p\u00edt\u00e9st.\u00a0(<a href=\"http:\/\/www.makita.hu\/\" target=\"_blank\" rel=\"noopener\">http:\/\/www.makita.hu\/<\/a>)<\/p>\n<p>\u2013 A\u00a0Lechner Tud\u00e1sk\u00f6zpont\u00a0az \u00e9p\u00edt\u00e9szetet, mint hivat\u00e1st n\u00e9pszer\u0171s\u00edt\u0151 programja keret\u00e9ben csatlakozott a programhoz\u00a0(<a href=\"http:\/\/lechnerkozpont.hu\/\" target=\"_blank\" rel=\"noopener\">http:\/\/lechnerkozpont.hu\/<\/a>)<\/p>\n<p>\u2013\u00a0K\u00f6ly\u00f6kpark\u00a0\u2013 A KAPLA j\u00e1t\u00e9k nagyk\u00f6z\u00f6ns\u00e9ggel val\u00f3 megismertet\u00e9s\u00e9ben \u00e9s az adom\u00e1nygy\u0171jt\u00e9s seg\u00edt\u00e9s\u00e9vel j\u00e1rultak hozz\u00e1 a projekthez\u00a0(<a href=\"http:\/\/www.kolyokpark.hu\/\" target=\"_blank\" rel=\"noopener\">http:\/\/www.kolyokpark.hu\/<\/a>)<\/p>\n<p>\u2013 A\u00a0H\u00fasznegyven Buda\u00f6rsi Fiatal \u00c9p\u00edt\u00e9szek M\u0171helye Egyes\u00fclet\u00a0a d\u00e9lel\u0151tti gyermekprogramok tervez\u00e9s\u00e9ben (\u00e9s megval\u00f3s\u00edt\u00e1s\u00e1ban) v\u00e1llalt jelent\u0151s szerepet\u00a0(<a href=\"https:\/\/www.facebook.com\/husznegyven\/\" target=\"_blank\" rel=\"noopener\">https:\/\/www.facebook.com\/husznegyven\/<\/a>)<\/p>\n","protected":false},"excerpt":{"rendered":"<p>A Sz\u00e9chenyi L\u00e1nch\u00edd l\u00e9trehoz\u00e1s\u00e1r\u00f3l sz\u00f3l\u00f3 d\u00f6nt\u00e9s 180. \u00e9vfordul\u00f3ja \u00e9s a prec\u00edzi\u00f3s m\u00e9rn\u00f6ki munka el\u0151tt tisztelegve a Messzehangz\u00f3 Tehets\u00e9gek Alap\u00edtv\u00e1ny Orsz\u00e1gj\u00e1r\u00f3 Term\u00e9szettudom\u00e1nyok tehets\u00e9ggondoz\u00f3 programj\u00e1ban egy j\u00f3t\u00e9konys\u00e1gi akci\u00f3 keret\u00e9ben tehets\u00e9ges, fiatal \u00e9p\u00edt\u00e9szek&hellip;<\/p>\n","protected":false},"author":1,"featured_media":532,"comment_status":"closed","ping_status":"closed","sticky":false,"template":"","format":"standard","meta":{"footnotes":""},"categories":[17],"tags":[18],"class_list":["post-530","post","type-post","status-publish","format-standard","has-post-thumbnail","hentry","category-evkozi-korabbi","tag-evkozi-korabbi"],"_links":{"self":[{"href":"https:\/\/messzehangzo.hu\/new\/index.php\/wp-json\/wp\/v2\/posts\/530","targetHints":{"allow":["GET"]}}],"collection":[{"href":"https:\/\/messzehangzo.hu\/new\/index.php\/wp-json\/wp\/v2\/posts"}],"about":[{"href":"https:\/\/messzehangzo.hu\/new\/index.php\/wp-json\/wp\/v2\/types\/post"}],"author":[{"embeddable":true,"href":"https:\/\/messzehangzo.hu\/new\/index.php\/wp-json\/wp\/v2\/users\/1"}],"replies":[{"embeddable":true,"href":"https:\/\/messzehangzo.hu\/new\/index.php\/wp-json\/wp\/v2\/comments?post=530"}],"version-history":[{"count":5,"href":"https:\/\/messzehangzo.hu\/new\/index.php\/wp-json\/wp\/v2\/posts\/530\/revisions"}],"predecessor-version":[{"id":596,"href":"https:\/\/messzehangzo.hu\/new\/index.php\/wp-json\/wp\/v2\/posts\/530\/revisions\/596"}],"wp:featuredmedia":[{"embeddable":true,"href":"https:\/\/messzehangzo.hu\/new\/index.php\/wp-json\/wp\/v2\/media\/532"}],"wp:attachment":[{"href":"https:\/\/messzehangzo.hu\/new\/index.php\/wp-json\/wp\/v2\/media?parent=530"}],"wp:term":[{"taxonomy":"category","embeddable":true,"href":"https:\/\/messzehangzo.hu\/new\/index.php\/wp-json\/wp\/v2\/categories?post=530"},{"taxonomy":"post_tag","embeddable":true,"href":"https:\/\/messzehangzo.hu\/new\/index.php\/wp-json\/wp\/v2\/tags?post=530"}],"curies":[{"name":"wp","href":"https:\/\/api.w.org\/{rel}","templated":true}]}}