{"id":46,"date":"2022-06-28T15:13:55","date_gmt":"2022-06-28T15:13:55","guid":{"rendered":"https:\/\/messzehangzo.hu\/new\/?p=46"},"modified":"2022-07-28T04:41:46","modified_gmt":"2022-07-28T04:41:46","slug":"meta-onismereti-tabor-2021-beszamolo","status":"publish","type":"post","link":"https:\/\/messzehangzo.hu\/new\/index.php\/2022\/06\/28\/meta-onismereti-tabor-2021-beszamolo\/","title":{"rendered":"META \u00d6nismereti t\u00e1bor 2021 \u2013 Besz\u00e1mol\u00f3"},"content":{"rendered":"<p>Egy \u00e9v kihagy\u00e1s ut\u00e1n\u00a0<strong>j\u00falius 18-22. k\u00f6z\u00f6tt<\/strong>\u00a0a Mecsekben tal\u00e1lhat\u00f3, fest\u0151i sz\u00e9ps\u00e9g\u0171\u00a0<strong>Orf\u0171n<\/strong>\u00a0ker\u00fclt sor az idei Messzehangz\u00f3 t\u00e1borokra, melyek sz\u00e1ll\u00e1shely\u00e9\u00fcl a bar\u00e1ts\u00e1gos Mecseki Di\u00e1ksz\u00e1ll\u00e1s szolg\u00e1lt. A fels\u0151 tagozatosok\u00a0<a href=\"https:\/\/messzehangzo.hu\/new\/index.php\/2022\/06\/27\/meta-muveszeti-es-termeszettudomanyos-tabor-2021-beszamolo\/\" rel=\"noopener\">term\u00e9szettudom\u00e1nyos \u00e9s m\u0171v\u00e9szeti t\u00e1bora<\/a>\u00a0mellett m\u00e1r \u00f6t\u00f6dik alkalommal rendezt\u00fcnk k\u00f6z\u00e9piskol\u00e1soknak is t\u00e1bort. A 2021-es META \u00d6nismereti t\u00e1bor programj\u00e1t tekintve teljes m\u00e9rt\u00e9kben kihaszn\u00e1ltuk a csod\u00e1latos k\u00f6rnyezet ny\u00fajtotta lehet\u0151s\u00e9geket \u00e9s igazi k\u00f6z\u00f6ss\u00e9gk\u00e9nt m\u0171k\u00f6dve hamar val\u00f3ss\u00e1gg\u00e1 form\u00e1ltuk a t\u00e1borunk t\u00e9m\u00e1j\u00e1t is: a\u00a0<strong>K\u00f6z\u00f6ss\u00e9g ereje<\/strong>.<\/p>\n<p><em>\u201eEbben a t\u00e1borban hossz\u00fa id\u0151 \u00f3ta el\u0151sz\u00f6r lehettem olyan k\u00f6z\u00f6ss\u00e9g r\u00e9sze, amely felt\u00e9tel n\u00e9lk\u00fcl elfogadta azt, hogy milyen vagyok val\u00f3j\u00e1ban.\u201d<\/em><\/p>\n<p>Eg\u00e9sz h\u00e9ten kih\u00edv\u00e1sokkal n\u00e9zt\u00fcnk szembe, melyek seg\u00edtettek \u00f6nmaguk \u00e9s t\u00e1rsaink megismer\u00e9s\u00e9ben. Meg\u00e9lhett\u00fck az egy\u00e9ni alkot\u00e1s m\u00e9lys\u00e9g\u00e9t \u00e9s a t\u00e1rsakkal val\u00f3 k\u00f6z\u00f6s egy\u00fcttm\u0171k\u00f6d\u00e9s \u00f6r\u00f6m\u00e9t is. K\u00f6z\u00f6ss\u00e9gi \u00e9lm\u00e9nyk\u00e9nt \u00e9lhett\u00fck \u00e1t a\u00a0<strong>s\u00e1rk\u00e1nyhaj\u00f3z\u00e1s<\/strong>\u00a0sz\u00e9ps\u00e9geit, egy\u00e9ni kih\u00edv\u00e1st pedig a\u00a0<strong>barlang\u00e1szat<\/strong>\u00a0jelentett sz\u00e1munkra. Mindezek mellett k\u00fcl\u00f6nf\u00e9le\u00a0<strong>\u00f6nismereti \u00e9s k\u00f6z\u00f6ss\u00e9g\u00e9p\u00edt\u0151 j\u00e1t\u00e9koknak<\/strong>\u00a0lehett\u00fcnk r\u00e9szesei, melyek sor\u00e1n sok vid\u00e1m \u00e9s felejthetetlen pillanatnak lehett\u00fcnk r\u00e9szesei. Vend\u00e9g\u00fcnk volt\u00a0<strong>Attak Emese<\/strong>, aki a hangok \u00e9s sz\u00ednek vil\u00e1g\u00e1ban mutatta meg az \u00f6nkifejez\u00e9s lehet\u0151s\u00e9g\u00e9t, melynek eredm\u00e9nyek\u00e9nt gy\u00f6ny\u00f6r\u0171\u00a0<strong>mandalafestm\u00e9nyek<\/strong>\u00a0sz\u00fclettek. Kikapcsol\u00f3d\u00e1sk\u00e9nt pedig m\u00e9g\u00a0<strong>strandol\u00e1sra<\/strong>\u00a0is jutott id\u0151nk.<\/p>\n<p>\u00c9lm\u00e9nyekben, \u00e9rzelmekben \u00e9s esem\u00e9nyekben gazdag t\u00e1boron vagyunk t\u00fal.<\/p>\n<p>Azonban mindenn\u00e9l t\u00f6bbet mond\u00f3 a mentorok \u00e9s a kamaszok visszajelz\u00e9sei a t\u00e1borr\u00f3l:<\/p>\n<p><em>\u201eAz idei t\u00e1bor tervez\u00e9se, szervez\u00e9se sor\u00e1n akadtak neh\u00e9zs\u00e9geink, emellett nagy kih\u00edv\u00e1st jelentett sz\u00e1momra, hogy ez\u00fattal t\u00e1borvezet\u0151k\u00e9nt kellett meg\u00e1llnom a helyem. Azonban ami izgatotts\u00e1g volt is bennem, az a t\u00e1bor els\u0151 napj\u00e1val elm\u00falt \u00e9s egy olyan nyugodts\u00e1g k\u00f6lt\u00f6z\u00f6tt bel\u00e9m, mely az eg\u00e9sz t\u00e1bor alatt megmaradt. Ez k\u00f6sz\u00f6nhet\u0151 egyfel\u0151l a kamaszoknak, m\u00e1sfel\u0151l a mentort\u00e1rsaimnak, hiszen siker\u00fclt k\u00f6z\u00f6sen egy olyan biztons\u00e1gos k\u00f6rnyezetet kialak\u00edtanunk, ahol mindenki \u00f6nmaga lehetett. Ebbe a t\u00e1borba rengeteg szeretet, elfogad\u00e1s, bizalom, nyitotts\u00e1g \u00e9s vid\u00e1ms\u00e1g k\u00f6lt\u00f6z\u00f6tt. A t\u00e1bor sor\u00e1n voltak helyzetek, melyeket sz\u00fcks\u00e9ges volt \u00fajratervezn\u00fcnk, de \u00fagy gondolom, hogy ezeket az eseteket higgadtan \u00e9s rugalmasan tudtuk megoldani. Mindig felmer\u00fcl annak a gondolata is, hogy mivel tudtuk volna m\u00e9g sz\u00ednesebb\u00e9 tenni a hetet, most m\u00e9g sincs bennem hi\u00e1ny\u00e9rzet, v\u00e9lem\u00e9nyem szerint ez a t\u00e1bor \u00edgy volt kerek, ahogy lezajl\u00f3dott. \u00c9s nagyon h\u00e1l\u00e1s vagyok az\u00e9rt, hogy id\u00e9n is r\u00e9szese lehettem ennek az inspir\u00e1l\u00f3 Messzehangz\u00f3 k\u00f6z\u00f6ss\u00e9gnek!\u201d\u00a0<\/em>\u2013 \u00f6nismereti t\u00e1bor, Kov\u00e1cs Bal\u00e1zs, t\u00e1borvezet\u0151<\/p>\n<p><em>\u201eEbben a t\u00e1borban a k\u00f6z\u00f6s alkot\u00e1s izgalmait \u00e9s \u00f6r\u00f6meit \u00e9ltem meg a t\u00f6bbi mentorral \u00e9s a gyerekekkel. Sok-sok k\u00f6z\u00f6s \u00e9lm\u00e9nyt \u00e9ltek \u00e1t egy\u00fctt, melynek sor\u00e1n kih\u00edv\u00e1sok tapasztalataib\u00f3l tanulhattak \u00f6nmagunkr\u00f3l. J\u00f3 volt ezt k\u00edv\u00fclr\u0151l l\u00e1tni \u00e9s n\u00e9ha r\u00e9szt is venni benne. Saj\u00e1t r\u00e9szr\u0151l pedig kih\u00edv\u00e1s volt a sok alkalmazkod\u00e1s, hogy rugalmasan tudjak v\u00e1ltoztatni, alkalmazkodni adott helyzetben, ha arra volt sz\u00fcks\u00e9g. \u00c9s figyelni a bels\u0151 meg\u00e9rz\u00e9seimre \u00e9s a mentorok tapasztalataira, megl\u00e1t\u00e1saira. J\u00f3 volt l\u00e1tni a sok kamasz mosolyt \u00e9s nevet\u00e9st, ahogy egym\u00e1shoz kapcsol\u00f3dnak, besz\u00e9lgetnek.\u201d<\/em>\u00a0\u2013 \u00f6nismereti t\u00e1bor, Kov\u00e1cs G\u00e1bor, mentor<\/p>\n<p><em>\u201eAz idei \u00f6nismereti t\u00e1bor programjait nagy gonddal csiszoltuk, hogy azt\u00e1n \u00e9lm\u00e9nyekben \u00e9s kih\u00edv\u00e1sokban b\u0151velked\u0151 napok j\u00f6jjenek l\u00e9tre. A t\u00e1bor val\u00f3s\u00e1goss\u00e1g\u00e1t azonban az utaz\u00e1s reggel\u00e9n \u00e9ltem \u00e1t igaz\u00e1n, amikor v\u00e9gre \u00fajra felszabadultan \u00f6r\u00fclhett\u00fcnk egym\u00e1snak. A fiatalok nagyon hamar egym\u00e1sra hangol\u00f3dtak, \u00e9s a sok bez\u00e1rts\u00e1g ut\u00e1n igazi k\u00f6z\u00f6ss\u00e9gg\u00e9 forrtak. \u00dagy \u00e9rzem, teljes m\u00e9rt\u00e9kben a t\u00e1bori mott\u00f3nk szerint \u00e9lt\u00fck ezeket a napokat. K\u00f6z\u00f6sen tett\u00fcnk magunk\u00e9rt \u00e9s egym\u00e1s\u00e9rt is \u2013 amikor \u00e9nekelve buzd\u00edtottuk egym\u00e1st a zuhog\u00f3 es\u0151ben, amikor a barlang\u00e1sz kobakot igaz\u00edtottuk egym\u00e1s fej\u00e9re, amikor \u00f6sszekapaszkodva, vakon s\u00e9t\u00e1ltunk az erd\u0151ben \u00e9s amikor \u00f6nfeledten nevett\u00fcnk azon a bizonyos country-\u00e9nekesen. M\u00e1r m\u00e1sodszor tapasztalom, hogy a t\u00e1bort k\u00f6vet\u0151 napok milyen saj\u00e1tos hangulatban telnek. Gondolatban \u00e9lem \u00fajra a hossz\u00fa s\u00e9t\u00e1k alatti besz\u00e9lget\u00e9seket, a hangos kacag\u00e1sokat, illetve a m\u00e9lyen meg\u00e9rint\u0151 pillanatokat, \u00e9s k\u00f6zben rem\u00e9nykedem benne, hogy a r\u00e9sztvev\u0151 fiatalok sz\u00e1m\u00e1ra is hasonl\u00f3an maradand\u00f3t adott ez a n\u00e9h\u00e1ny nap. K\u00f6sz\u00f6n\u00f6k Nektek mindent!\u201d<\/em>\u00a0\u2013 \u00f6nismereti t\u00e1bor, Bal\u00e1zs Szabina, mentor<\/p>\n<p><em>\u201e<strong>Ebben a t\u00e1borban<\/strong>\u00a0nem pletyka t\u00e1rgya a bizalom \u00e9s nem elv\u00e1r\u00e1sok k\u00e9rd\u00e9se a tisztelet.\u201d<\/em><\/p>\n<p><em>\u201eEbben a t\u00e1borban lenni menek\u00fcl\u00e9s a val\u00f3s\u00e1g el\u0151l \u00e9s utaz\u00e1s a val\u00f3ban.\u201d<\/em><\/p>\n<p><em>\u201eEbben a t\u00e1borban el\u00e9g biztons\u00e1gban \u00e9reztem magam ahhoz, hogy meg merjem \u00e9lni az eddig f\u00e9lretolt \u00e9rzelmeim.\u201d<\/em><\/p>\n<p><em>\u201eEbben a t\u00e1borban csod\u00e1k t\u00f6rt\u00e9ntek. Kicsi csod\u00e1k, amikre m\u00e1r mindenkinek sz\u00fcks\u00e9ge volt. Egy csal\u00e1d lett bel\u0151l\u00fcnk, titkokat \u0151rizt\u00fcnk \u00e9s osztottunk meg, mert tudtuk, biztons\u00e1gban vagyunk. Ez a t\u00e1bor egy sziget, ahol m\u00e9g a vihar is sz\u00e9p \u00e9s ahol megpihenhet\u00fcnk.\u201d<\/em><\/p>\n<p><em>\u00a0\u201e<strong>Azt viszem magammal<\/strong>, amit csak tudok az eml\u00e9kezetemben tartani. Gazdagnak \u00e9rzem magam \u00e9s tal\u00e1n el sem hiszem, hogy egyszerre ennyi j\u00f3 ember lehet egy helyen. Pedig m\u00e9gis \u00fagy fest, hogy m\u00e9gis igaz.\u201d<\/em><\/p>\n<p><em>\u201eAzt viszem magammal, amit t\u0151letek kaptam. Tud\u00e1st, \u00e9lm\u00e9nyt, eml\u00e9ket, lehet\u0151s\u00e9gek sokas\u00e1g\u00e1t, bar\u00e1tokat, t\u00e1rsakat, leveleket, boldogs\u00e1got, b\u00e1tors\u00e1got \u00e9s rengeteg pozit\u00edv dolgot.\u201d<\/em><\/p>\n<p><em>\u201e<strong>Azt tanultam, magamr\u00f3l<\/strong>, hogy nem f\u00e9lek \u0151szinte lenni az emberekkel. Megtanultam, hogy nem az az igazi szeretet, ha folyamatosan egy\u00fctt vagyunk, hanem az, ha kis id\u0151t is t\u00f6ltesz valakivel, akkor is odafigyelsz r\u00e1, energi\u00e1t teszel bele, \u00e9s ha \u00fajra tal\u00e1lkoztok ugyanott folytatj\u00e1tok, ahol abbahagyt\u00e1tok. Megtanultam bev\u00e1llalni dolgokat \u00e9s megtanultam, hogy az id\u0151 nem v\u00e9gtelen \u00e9s most kell \u00e9lni.\u201d<\/em><\/p>\n<p><em>\u201eAzt tanultam, magamr\u00f3l, hogy sz\u00e1m\u00edt a v\u00e9lem\u00e9nyem, fontos vagyok, \u00e9rezhetem j\u00f3l magam an\u00e9lk\u00fcl is, hogy folyamatosan arra koncentr\u00e1ln\u00e9k, hogy m\u00e1soknak megfeleljek.\u201d<\/em><\/p>\n<p><em>\u201e<strong>Amit itt hagyn\u00e9k<\/strong>\u00a0egy icipici dobozban minden napsugarat, nevet\u00e9st \u00e9s \u00f6lel\u00e9st, hogy a j\u00f6v\u0151 t\u00e1boroz\u00f3i is \u00e1t\u00e9lhess\u00e9k.\u201d<\/em><\/p>\n<p><em>\u201eAmit itt hagyn\u00e9k az ez a rengeteg szeretet, amit kaptam. Persze, vinn\u00e9k magammal is, de milyen j\u00f3 volna, hogyha a k\u00f6vetkez\u0151 t\u00e1boroz\u00f3k egyenesen egy nagy felh\u0151nyi szeretetbe \u00e9rkezn\u00e9nek!\u201d<\/em><\/p>\n<h3>A t\u00e1borr\u00f3l k\u00e9sz\u00fclt f\u00e9nyk\u00e9pek:<\/h3>\n<p><iframe loading=\"lazy\" src=\"https:\/\/drive.google.com\/embeddedfolderview?id=152pO12vnH56yBHmq-n-SROmbbQcw6em3#grid\" width=\"100%\" height=\"800\" frameborder=\"0\"><\/iframe><\/p>\n<p>Olvasd el a fels\u0151 tagozatosoknak sz\u00f3l\u00f3\u00a0<a href=\"https:\/\/messzehangzo.hu\/new\/index.php\/2022\/06\/27\/meta-muveszeti-es-termeszettudomanyos-tabor-2021-beszamolo\/\" rel=\"noopener\">term\u00e9szettudom\u00e1nyos \u00e9s m\u0171v\u00e9szeti t\u00e1bor<\/a>\u00a0besz\u00e1mol\u00f3j\u00e1t is!<\/p>\n<p>K\u00f6sz\u00f6nj\u00fck t\u00e1mogat\u00f3inknak a t\u00e1borok l\u00e9trehoz\u00e1s\u00e1ban ny\u00fajtott seg\u00edts\u00e9get:<\/p>\n","protected":false},"excerpt":{"rendered":"<p>Egy \u00e9v kihagy\u00e1s ut\u00e1n\u00a0j\u00falius 18-22. k\u00f6z\u00f6tt\u00a0a Mecsekben tal\u00e1lhat\u00f3, fest\u0151i sz\u00e9ps\u00e9g\u0171\u00a0Orf\u0171n\u00a0ker\u00fclt sor az idei Messzehangz\u00f3 t\u00e1borokra, melyek sz\u00e1ll\u00e1shely\u00e9\u00fcl a bar\u00e1ts\u00e1gos Mecseki Di\u00e1ksz\u00e1ll\u00e1s szolg\u00e1lt. A fels\u0151 tagozatosok\u00a0term\u00e9szettudom\u00e1nyos \u00e9s m\u0171v\u00e9szeti t\u00e1bora\u00a0mellett m\u00e1r \u00f6t\u00f6dik&hellip;<\/p>\n","protected":false},"author":1,"featured_media":48,"comment_status":"closed","ping_status":"closed","sticky":false,"template":"","format":"standard","meta":{"footnotes":""},"categories":[17],"tags":[18,9],"class_list":["post-46","post","type-post","status-publish","format-standard","has-post-thumbnail","hentry","category-evkozi-korabbi","tag-evkozi-korabbi","tag-tabor-aktualis"],"_links":{"self":[{"href":"https:\/\/messzehangzo.hu\/new\/index.php\/wp-json\/wp\/v2\/posts\/46","targetHints":{"allow":["GET"]}}],"collection":[{"href":"https:\/\/messzehangzo.hu\/new\/index.php\/wp-json\/wp\/v2\/posts"}],"about":[{"href":"https:\/\/messzehangzo.hu\/new\/index.php\/wp-json\/wp\/v2\/types\/post"}],"author":[{"embeddable":true,"href":"https:\/\/messzehangzo.hu\/new\/index.php\/wp-json\/wp\/v2\/users\/1"}],"replies":[{"embeddable":true,"href":"https:\/\/messzehangzo.hu\/new\/index.php\/wp-json\/wp\/v2\/comments?post=46"}],"version-history":[{"count":7,"href":"https:\/\/messzehangzo.hu\/new\/index.php\/wp-json\/wp\/v2\/posts\/46\/revisions"}],"predecessor-version":[{"id":607,"href":"https:\/\/messzehangzo.hu\/new\/index.php\/wp-json\/wp\/v2\/posts\/46\/revisions\/607"}],"wp:featuredmedia":[{"embeddable":true,"href":"https:\/\/messzehangzo.hu\/new\/index.php\/wp-json\/wp\/v2\/media\/48"}],"wp:attachment":[{"href":"https:\/\/messzehangzo.hu\/new\/index.php\/wp-json\/wp\/v2\/media?parent=46"}],"wp:term":[{"taxonomy":"category","embeddable":true,"href":"https:\/\/messzehangzo.hu\/new\/index.php\/wp-json\/wp\/v2\/categories?post=46"},{"taxonomy":"post_tag","embeddable":true,"href":"https:\/\/messzehangzo.hu\/new\/index.php\/wp-json\/wp\/v2\/tags?post=46"}],"curies":[{"name":"wp","href":"https:\/\/api.w.org\/{rel}","templated":true}]}}