{"id":421,"date":"2022-06-15T14:12:29","date_gmt":"2022-06-15T14:12:29","guid":{"rendered":"https:\/\/messzehangzo.hu\/new\/?p=421"},"modified":"2022-07-12T14:12:39","modified_gmt":"2022-07-12T14:12:39","slug":"fenntarthatosagi-temanap-program-osztalyoknak","status":"publish","type":"post","link":"https:\/\/messzehangzo.hu\/new\/index.php\/2022\/06\/15\/fenntarthatosagi-temanap-program-osztalyoknak\/","title":{"rendered":"Fenntarthat\u00f3s\u00e1gi T\u00e9manap \u2013 program oszt\u00e1lyoknak"},"content":{"rendered":"<div class=\"vc_row wpb_row vc_row-fluid\">\n<div class=\"vc_col-sm-12 wpb_column vc_column_container\">\n<div class=\"wpb_wrapper\">\n<div class=\"wpb_text_column wpb_content_element \">\n<div class=\"wpb_wrapper\">\n<p>Gondoltad volna, hogy a vas\u00e1rnapi eb\u00e9dhez felhaszn\u00e1lt s\u00fct\u0151zsirad\u00e9kb\u00f3l biod\u00edzel k\u00e9sz\u00fcl?<\/p>\n<p>A\u00a0<a href=\"http:\/\/biofilter.hu\/\" target=\"_blank\" rel=\"noopener\">Biofilter<\/a>\u00a0telephely\u00e9n\u00a0kider\u00fcl, hogyan!<\/p>\n<p>A d\u00e9lel\u0151tt sor\u00e1n az 1990-ben alakult\u00a0k\u00f6rnyezetv\u00e9delmi szoci\u00e1lis v\u00e1llalatn\u00e1l\u00a0olyan programokkal v\u00e1rjuk az oszt\u00e1lyokat, amely a\u00a0<a href=\"https:\/\/www.fenntarthatosagi.temahet.hu\/\" target=\"_blank\" rel=\"noopener\">Fenntarthat\u00f3s\u00e1gi T\u00e9mah\u00e9thez<\/a>\u00a0kapcsol\u00f3dik:<\/p>\n<ul>\n<li>a helysz\u00ednt bej\u00e1rva megismerked\u00fcnk a c\u00e9g m\u0171k\u00f6d\u00e9s\u00e9vel \u00e9s mindennapjaival,<\/li>\n<li>az \u00fajrahasznos\u00edt\u00e1s sor\u00e1n alternat\u00edv energiaforr\u00e1sokat el\u0151\u00e1ll\u00edt\u00f3 folyamatokkal,<\/li>\n<li>\u00e9s nyomon k\u00f6vetj\u00fck a haszn\u00e1lt s\u00fct\u0151olaj \u00fatj\u00e1t a faz\u00e9kt\u00f3l a benzinestart\u00e1lyig.<\/li>\n<\/ul>\n<p>Hozz\u00e1tok el\u00a0PET palackban a marad\u00e9k zs\u00edrt vagy olajat, amiben a r\u00e1ntott h\u00fast vagy a krumplit s\u00fct\u00f6tt\u00e9tek, \u00e9s mi kisz\u00e1moljuk,\u00a0mennyivel\u00a0j\u00e1rultok \u00edgy hozz\u00e1 a k\u00f6rnyezeti kibocs\u00e1t\u00e1sok cs\u00f6kkent\u00e9s\u00e9hez!<\/p>\n<\/div>\n<\/div>\n<\/div>\n<\/div>\n<\/div>\n<div class=\"vc_row wpb_row vc_row-fluid\">\n<div class=\"vc_col-sm-6 wpb_column vc_column_container\">\n<div class=\"wpb_wrapper\">\n<div class=\"wpb_text_column wpb_content_element \">\n<div class=\"wpb_wrapper\">\n<p><strong>Id\u0151pont:\u00a0<\/strong><strong>\u00e1prilis 25. szerda<\/strong>\u00a09-11 \u00f3ra k\u00f6z\u00f6tt<\/p>\n<p>A r\u00e9szv\u00e9tel ingyenes \u00e9s egy kis t\u00edz\u00f3raival is v\u00e1runk Benneteket, de az odajut\u00e1st\u00a0<strong>T\u00f6r\u00f6kb\u00e1lintra<\/strong>\u00a0Nektek kell megoldani. (BKV\u00a0meg\u00e1ll\u00f3 k\u00f6zvetlen\u00fcl az \u00fczem el\u0151tt van \u2013 140, 140B, 142 buszok.)<\/p>\n<p><strong>Hogyan jelentkezz?<\/strong><\/p>\n<p>A programra\u00a0<strong>csak 7-8. \u00e9vfolyamos oszt\u00e1lyok, di\u00e1kcsoportok, szakk\u00f6r\u00f6k jelentkez\u00e9s\u00e9t v\u00e1rjuk, k\u00eds\u00e9r\u0151 tan\u00e1rral<\/strong>.<\/p>\n<p>Tov\u00e1bb\u00edtsd a programot oszt\u00e1lyt\u00e1rsaid, szakk\u00f6rt\u00e1rsaid \u00e9s tan\u00e1raid fel\u00e9, besz\u00e9lj\u00e9tek meg, hogy biztosan j\u00f3-e a szerda d\u00e9lel\u0151tti id\u0151pont, majd\u00a0jelentkezzetek\u00a0<a href=\"https:\/\/goo.gl\/forms\/wJQ333B4DiB1q28G3\" target=\"_blank\" rel=\"noopener\"><strong>ennek az \u0171rlapnak<\/strong><\/a>a kit\u00f6lt\u00e9s\u00e9vel! (Fontos, hogy a kit\u00f6lt\u00e9ssel m\u00e9g nem v\u00e1lik automatikuss\u00e1 a r\u00e9szv\u00e9teli lehet\u0151s\u00e9g. Arr\u00f3l, hogy Titeket tudunk-e fogadni,\u00a0\u00e1prilis elej\u00e9n k\u00fcld\u00fcnk \u00e9rtes\u00edt\u00e9st.)<\/p>\n<p><strong>A JELENTKEZ\u00c9SI HAT\u00c1RID\u0150 MEGHOSSZABB\u00cdTVA \u00c1PRILIS 10-IG!<\/strong><\/p>\n<p><strong>K\u00f6sz\u00f6nj\u00fck a Biofilter\u00a0K\u00f6rnyezetv\u00e9delmi Zrt.-nek\u00a0a megval\u00f3s\u00edt\u00e1shoz ny\u00fajtott t\u00e1mogat\u00e1s\u00e1t!<\/strong><\/p>\n<\/div>\n<\/div>\n<\/div>\n<\/div>\n<\/div>\n","protected":false},"excerpt":{"rendered":"<p>Gondoltad volna, hogy a vas\u00e1rnapi eb\u00e9dhez felhaszn\u00e1lt s\u00fct\u0151zsirad\u00e9kb\u00f3l biod\u00edzel k\u00e9sz\u00fcl? A\u00a0Biofilter\u00a0telephely\u00e9n\u00a0kider\u00fcl, hogyan! A d\u00e9lel\u0151tt sor\u00e1n az 1990-ben alakult\u00a0k\u00f6rnyezetv\u00e9delmi szoci\u00e1lis v\u00e1llalatn\u00e1l\u00a0olyan programokkal v\u00e1rjuk az oszt\u00e1lyokat, amely a\u00a0Fenntarthat\u00f3s\u00e1gi T\u00e9mah\u00e9thez\u00a0kapcsol\u00f3dik: a helysz\u00ednt bej\u00e1rva&hellip;<\/p>\n","protected":false},"author":1,"featured_media":422,"comment_status":"closed","ping_status":"closed","sticky":false,"template":"","format":"standard","meta":{"footnotes":""},"categories":[17],"tags":[18],"class_list":["post-421","post","type-post","status-publish","format-standard","has-post-thumbnail","hentry","category-evkozi-korabbi","tag-evkozi-korabbi"],"_links":{"self":[{"href":"https:\/\/messzehangzo.hu\/new\/index.php\/wp-json\/wp\/v2\/posts\/421","targetHints":{"allow":["GET"]}}],"collection":[{"href":"https:\/\/messzehangzo.hu\/new\/index.php\/wp-json\/wp\/v2\/posts"}],"about":[{"href":"https:\/\/messzehangzo.hu\/new\/index.php\/wp-json\/wp\/v2\/types\/post"}],"author":[{"embeddable":true,"href":"https:\/\/messzehangzo.hu\/new\/index.php\/wp-json\/wp\/v2\/users\/1"}],"replies":[{"embeddable":true,"href":"https:\/\/messzehangzo.hu\/new\/index.php\/wp-json\/wp\/v2\/comments?post=421"}],"version-history":[{"count":1,"href":"https:\/\/messzehangzo.hu\/new\/index.php\/wp-json\/wp\/v2\/posts\/421\/revisions"}],"predecessor-version":[{"id":423,"href":"https:\/\/messzehangzo.hu\/new\/index.php\/wp-json\/wp\/v2\/posts\/421\/revisions\/423"}],"wp:featuredmedia":[{"embeddable":true,"href":"https:\/\/messzehangzo.hu\/new\/index.php\/wp-json\/wp\/v2\/media\/422"}],"wp:attachment":[{"href":"https:\/\/messzehangzo.hu\/new\/index.php\/wp-json\/wp\/v2\/media?parent=421"}],"wp:term":[{"taxonomy":"category","embeddable":true,"href":"https:\/\/messzehangzo.hu\/new\/index.php\/wp-json\/wp\/v2\/categories?post=421"},{"taxonomy":"post_tag","embeddable":true,"href":"https:\/\/messzehangzo.hu\/new\/index.php\/wp-json\/wp\/v2\/tags?post=421"}],"curies":[{"name":"wp","href":"https:\/\/api.w.org\/{rel}","templated":true}]}}