{"id":413,"date":"2022-06-17T05:34:40","date_gmt":"2022-06-17T05:34:40","guid":{"rendered":"https:\/\/messzehangzo.hu\/new\/?p=413"},"modified":"2022-07-23T15:21:56","modified_gmt":"2022-07-23T15:21:56","slug":"gratulalunk-2018-19-tanevi-osztondijasainknak","status":"publish","type":"post","link":"https:\/\/messzehangzo.hu\/new\/index.php\/2022\/06\/17\/gratulalunk-2018-19-tanevi-osztondijasainknak\/","title":{"rendered":"Gratul\u00e1lunk 2018\/19 tan\u00e9vi \u00d6szt\u00f6nd\u00edjasainknak!"},"content":{"rendered":"<p>Az Alap\u00edtv\u00e1ny Kurat\u00f3riuma \u00e9s Szakmai Tan\u00e1csad\u00f3 Test\u00fclete d\u00f6nt\u00e9st hozott a 2018\/19 tan\u00e9vi M\u0171v\u00e9sz leszek! Tud\u00f3s leszek! \u00f6szt\u00f6nd\u00edj-p\u00e1ly\u00e1zatra be\u00e9rkezett jelentkez\u00e9sekr\u0151l.<\/p>\n<p>A d\u00f6nt\u00e9shozatal sor\u00e1n a tehets\u00e9gter\u00fcleten eddig el\u00e9rt, elismer\u00e9sre \u00e9rdemes eredm\u00e9nyek \u00e9s a szoci\u00e1lis h\u00e1tt\u00e9r egy\u00fcttes figyelembev\u00e9tel\u00e9vel az id\u00e9n t\u00f6bb, mint 80 p\u00e1ly\u00e1z\u00f3 k\u00f6z\u00fcl 20 hazai \u00e9s a hat\u00e1ront\u00fali magyar telep\u00fcl\u00e9seken \u00e9l\u0151 fiatal r\u00e9szes\u00fclt a t\u00e1mogat\u00e1sban:<\/p>\n<table border=\"1\">\n<tbody>\n<tr>\n<td>\n<ul>\n<li>Poty\u00f3k Csaba \u2013 term\u00e9szettudom\u00e1ny<\/li>\n<li>V\u00f6lgyi Bogl\u00e1rka \u2013 zenem\u0171v\u00e9szet (fuvola)<\/li>\n<li>Dolfin Benedek\u00a0\u2013 zenem\u0171v\u00e9szet (csell\u00f3)<\/li>\n<li>Orsovai Endre\u00a0\u2013 zenem\u0171v\u00e9szet (zongora)<\/li>\n<li>Orsovai Hedvig\u00a0\u2013 zenem\u0171v\u00e9szet (zongora)<\/li>\n<li>Bugly\u00f3 Petra \u00c9va \u2013 n\u00e9pi \u00e9nek<\/li>\n<li>Sz\u00f6gi Klaudia \u2013 irodalom<\/li>\n<li>D\u00e9nes Dorottya\u00a0\u2013 zenem\u0171v\u00e9szet (csell\u00f3)<\/li>\n<li>Beke M\u00e1rk Zolt\u00e1n\u00a0\u2013 zenem\u0171v\u00e9szet (harsona)<\/li>\n<li>Farkas Csongor \u2013 n\u00e9pi \u00e9nek<\/li>\n<\/ul>\n<\/td>\n<td>\n<ul>\n<li>Sterner Andr\u00e1s\u00a0\u2013 zenem\u0171v\u00e9szet (klarin\u00e9t)<\/li>\n<li>Simon \u00c9va \u2013 n\u00e9pi \u00e9nek<\/li>\n<li>Csere Zsanett\u00a0\u2013 term\u00e9szettudom\u00e1ny<\/li>\n<li>Hap\u00e1k Alexandra\u00a0\u2013 term\u00e9szettudom\u00e1ny<\/li>\n<li>Hap\u00e1k Viktor\u00a0\u2013 term\u00e9szettudom\u00e1ny<\/li>\n<li>K\u00e1tai Fl\u00f3ra Vivien \u2013 term\u00e9szettudom\u00e1ny<\/li>\n<li>T\u00f3th Kata\u00a0\u2013 term\u00e9szettudom\u00e1ny<\/li>\n<li>Nagy Zolt\u00e1n Ferenc\u00a0\u2013 zenem\u0171v\u00e9szet (oboa)<\/li>\n<li>Varga P\u00e9ter \u2013 term\u00e9szettudom\u00e1ny<\/li>\n<li>R\u00f3naki Nina \u2013\u00a0 t\u00e1ncm\u0171v\u00e9szet<\/li>\n<\/ul>\n<\/td>\n<\/tr>\n<\/tbody>\n<\/table>\n<p>A 2008-ban l\u00e9trehozott \u00f6szt\u00f6nd\u00edj-program c\u00e9lja, hogy hozz\u00e1j\u00e1ruljon a tudom\u00e1nyos \u00e9s m\u0171v\u00e9szeti tev\u00e9kenys\u00e9get folytat\u00f3 12-18 \u00e9ves kor\u00fa fiatalok tehets\u00e9g\u00e9nek kibontakoztat\u00e1s\u00e1hoz, seg\u00edtse \u00e9s \u00f6szt\u00f6n\u00f6zze \u0151ket tov\u00e1bbi eredm\u00e9nyek el\u00e9r\u00e9s\u00e9ben.\u00a0Az\u00a0 Alap\u00edtv\u00e1ny a d\u00edjazott gyermek r\u00e9sz\u00e9re\u00a0c\u00e9lzottan ny\u00fajt t\u00e1mogat\u00e1st.<\/p>\n<p>Szeretettel gratul\u00e1lunk minden p\u00e1ly\u00e1z\u00f3nak el\u00e9rt sikereihez \u00e9s tov\u00e1bbi eredm\u00e9nyes szerepl\u00e9st, tanulm\u00e1nyokat k\u00edv\u00e1nunk!<\/p>\n","protected":false},"excerpt":{"rendered":"<p>Az Alap\u00edtv\u00e1ny Kurat\u00f3riuma \u00e9s Szakmai Tan\u00e1csad\u00f3 Test\u00fclete d\u00f6nt\u00e9st hozott a 2018\/19 tan\u00e9vi M\u0171v\u00e9sz leszek! Tud\u00f3s leszek! \u00f6szt\u00f6nd\u00edj-p\u00e1ly\u00e1zatra be\u00e9rkezett jelentkez\u00e9sekr\u0151l. A d\u00f6nt\u00e9shozatal sor\u00e1n a tehets\u00e9gter\u00fcleten eddig el\u00e9rt, elismer\u00e9sre \u00e9rdemes eredm\u00e9nyek \u00e9s&hellip;<\/p>\n","protected":false},"author":1,"featured_media":416,"comment_status":"closed","ping_status":"closed","sticky":false,"template":"","format":"standard","meta":{"footnotes":""},"categories":[19],"tags":[8,21],"class_list":["post-413","post","type-post","status-publish","format-standard","has-post-thumbnail","hentry","category-osztondij","tag-friss","tag-osztondij"],"_links":{"self":[{"href":"https:\/\/messzehangzo.hu\/new\/index.php\/wp-json\/wp\/v2\/posts\/413","targetHints":{"allow":["GET"]}}],"collection":[{"href":"https:\/\/messzehangzo.hu\/new\/index.php\/wp-json\/wp\/v2\/posts"}],"about":[{"href":"https:\/\/messzehangzo.hu\/new\/index.php\/wp-json\/wp\/v2\/types\/post"}],"author":[{"embeddable":true,"href":"https:\/\/messzehangzo.hu\/new\/index.php\/wp-json\/wp\/v2\/users\/1"}],"replies":[{"embeddable":true,"href":"https:\/\/messzehangzo.hu\/new\/index.php\/wp-json\/wp\/v2\/comments?post=413"}],"version-history":[{"count":2,"href":"https:\/\/messzehangzo.hu\/new\/index.php\/wp-json\/wp\/v2\/posts\/413\/revisions"}],"predecessor-version":[{"id":594,"href":"https:\/\/messzehangzo.hu\/new\/index.php\/wp-json\/wp\/v2\/posts\/413\/revisions\/594"}],"wp:featuredmedia":[{"embeddable":true,"href":"https:\/\/messzehangzo.hu\/new\/index.php\/wp-json\/wp\/v2\/media\/416"}],"wp:attachment":[{"href":"https:\/\/messzehangzo.hu\/new\/index.php\/wp-json\/wp\/v2\/media?parent=413"}],"wp:term":[{"taxonomy":"category","embeddable":true,"href":"https:\/\/messzehangzo.hu\/new\/index.php\/wp-json\/wp\/v2\/categories?post=413"},{"taxonomy":"post_tag","embeddable":true,"href":"https:\/\/messzehangzo.hu\/new\/index.php\/wp-json\/wp\/v2\/tags?post=413"}],"curies":[{"name":"wp","href":"https:\/\/api.w.org\/{rel}","templated":true}]}}